{"id":1182,"date":"2021-10-22T12:56:41","date_gmt":"2021-10-22T12:56:41","guid":{"rendered":"https:\/\/reciclajesmoa.com\/?p=1182"},"modified":"2021-10-22T12:56:41","modified_gmt":"2021-10-22T12:56:41","slug":"la-compra-venta-de-palets-una-decision-que-contribuye-con-el-mediambiente","status":"publish","type":"post","link":"https:\/\/reciclajesmoa.com\/ca\/la-compra-venta-de-palets-una-decision-que-contribuye-con-el-mediambiente\/","title":{"rendered":"La compra \u2013 venda de palets, una decisi\u00f3 que contribueix amb el medi ambient"},"content":{"rendered":"<p>En els darrers anys, la<a href=\"https:\/\/reciclajesmoa.com\/ca\/\"> compra \u2013 venda de palets<\/a> s&#039;ha convertit en una activitat m\u00e9s popular, a causa dels m\u00faltiples beneficis que presenta. Ja sigui per a empreses o particulars, la<strong> compra \u2013 venda de palets<\/strong> sempre \u00e9s una decisi\u00f3 intel\u00b7ligent. <\/p>\n\n\n\n<p>Al m\u00f3n de la log\u00edstica, els palets s\u00f3n un gran producte i estan disponibles en diferents tipus. Les palets de fusta s&#039;han utilitzat comunament i no nom\u00e9s \u00e9s crucial al m\u00f3n de la log\u00edstica, sin\u00f3 que tamb\u00e9 \u00e9s una caracter\u00edstica de la decoraci\u00f3 d&#039;interiors. Avui dia hi ha palets de fusta que es poden utilitzar per a llits, cadires, etc. Per aix\u00f2 no nom\u00e9s s\u00f3n imprescindibles en log\u00edstica o magatzems, sin\u00f3 que tamb\u00e9 se&#039;n pugui fer un \u00fas particular. <\/p>\n\n\n\n<p>Davant aix\u00f2, amb la <strong>compra venda de palets<\/strong> adquirir\u00e0 un producte amb un preu excel\u00b7lent. No necessiteu un pressupost elevat per comprar palets. Aquests estan disponibles a preus m\u00e9s baixos; per tant, s\u00f3n accessibles per a tothom. Els palets es fan servir a nivell mundial a causa de la seva assequibilitat i qualsevol pot comprar-los a baix preu.<\/p>\n\n\n\n<figure class=\"wp-block-image\"><img loading=\"lazy\" decoding=\"async\" width=\"1024\" height=\"648\" src=\"https:\/\/reciclajesmoa.com\/wp-content\/uploads\/2021\/10\/hands-4091879_1920-1024x648.jpg\" alt=\"\" class=\"wp-image-1183\" srcset=\"https:\/\/reciclajesmoa.com\/wp-content\/uploads\/2021\/10\/hands-4091879_1920-1024x648.jpg 1024w, https:\/\/reciclajesmoa.com\/wp-content\/uploads\/2021\/10\/hands-4091879_1920-300x190.jpg 300w, https:\/\/reciclajesmoa.com\/wp-content\/uploads\/2021\/10\/hands-4091879_1920-768x486.jpg 768w, https:\/\/reciclajesmoa.com\/wp-content\/uploads\/2021\/10\/hands-4091879_1920-1536x972.jpg 1536w, https:\/\/reciclajesmoa.com\/wp-content\/uploads\/2021\/10\/hands-4091879_1920.jpg 1920w\" sizes=\"auto, (max-width: 1024px) 100vw, 1024px\" \/><\/figure>\n\n\n\n<h2 class=\"wp-block-heading\">Compra \u2013 venda de palets: una decisi\u00f3 intel\u00b7ligent <\/h2>\n\n\n\n<p>En comparaci\u00f3 amb altres tipus de palets, les de fusta s\u00f3n realment econ\u00f2miques. S\u00f3n assequibles perqu\u00e8 la fusta est\u00e0 disponible a preus baixos en comparaci\u00f3 de l&#039;acer o el pl\u00e0stic, de manera que el producte final \u00e9s barat. Ja sigui que necessita aquests elements per a la seva empresa o si busca un element de decoraci\u00f3 o confort per a casa, amb la compra \u2013 venda de palets podr\u00e0 trobar grans oportunitats. <\/p>\n\n\n\n<p>A m\u00e9s, els palets de fusta s\u00f3n f\u00e0cils de mantenir sempre que no ploguin sobre ells, de manera que adquirir un en una <strong>compra venda de palets <\/strong>us assegurar\u00e0 comptar amb un element que no requereix massa cura. <\/p>\n\n\n\n<p>L&#039;exc\u00e9s d&#039;aigua pot fer que es podreixin o perdin valor en poc temps. Assegureu-vos que el palet estigui en un lloc segur per evitar l&#039;absorci\u00f3 d&#039;aigua. No s&#039;ha de deixar fora durant les temporades de pluja, o pot cobrir-lo amb una coberta resistent a l&#039;aigua per evitar que l&#039;aigua degoti a la fusta. L&#039;\u00fanica amena\u00e7a per a la vostra paleta pot ser la humitat i l&#039;exposici\u00f3 a l&#039;exc\u00e9s d&#039;aigua. <\/p>\n\n\n\n<p>La <strong>compra venda de palets <\/strong>s\u00f3n una gran inversi\u00f3, ja que s\u00f3n productes d&#039;alta qualitat. Tenen una for\u00e7a sorprenent i, per tant, s\u00f3n adequats per a l&#039;enviament de mercaderies voluminoses. S\u00f3n adequats per a contenidors amb grans enviaments. El participar a la <strong>compra \u2013 venda de palets<\/strong> us assegurar\u00e0 que les vostres decisions s\u00f3n beneficioses per al medi ambient. Les palets es poden reciclar per qualsevol mitj\u00e0 possible i no cal fondre-les amb productes qu\u00edmics costosos. Nom\u00e9s necessita ser creatiu i crear mobles per a casa o negoci. Pots transformar el palet en una taula, a prop, llit, mass\u00eds de flors, etc. Aix\u00ed \u00e9s com conserves el medi ambient i les parts no reciclables es poden utilitzar f\u00e0cilment com a llenya <\/p>","protected":false},"excerpt":{"rendered":"<p>En los \u00faltimos a\u00f1os, la compra \u2013 venta de palets se ha convertido en una actividad m\u00e1s popular, debido a los m\u00faltiples beneficios que presenta. Ya sea para empresas o particulares, la compra \u2013 venta de palets siempre es una decisi\u00f3n inteligente. En el mundo de la log\u00edstica, los palets son un gran producto y&hellip;&nbsp;<a href=\"https:\/\/reciclajesmoa.com\/ca\/la-compra-venta-de-palets-una-decision-que-contribuye-con-el-mediambiente\/\" class=\"\" rel=\"bookmark\">Llegiu m\u00e9s &raquo;<span class=\"screen-reader-text\">La compra \u2013 venda de palets, una decisi\u00f3 que contribueix amb el medi ambient<\/span><\/a><\/p>","protected":false},"author":3,"featured_media":1184,"comment_status":"closed","ping_status":"closed","sticky":false,"template":"","format":"standard","meta":{"neve_meta_sidebar":"","neve_meta_container":"","neve_meta_enable_content_width":"","neve_meta_content_width":0,"neve_meta_title_alignment":"","neve_meta_author_avatar":"","neve_post_elements_order":"","neve_meta_disable_header":"","neve_meta_disable_footer":"","neve_meta_disable_title":"","neve_meta_reading_time":"","footnotes":""},"categories":[75,4],"tags":[28],"class_list":["post-1182","post","type-post","status-publish","format-standard","has-post-thumbnail","hentry","category-compra-palets","category-palets-barcelona","tag-compra-venta-de-palets"],"yoast_head":"<!-- This site is optimized with the Yoast SEO plugin v22.2 - https:\/\/yoast.com\/wordpress\/plugins\/seo\/ -->\n<title>La compra - venta de palets, una decisi\u00f3n que contribuye con el mediambiente<\/title>\n<meta name=\"robots\" content=\"index, follow, max-snippet:-1, max-image-preview:large, max-video-preview:-1\" \/>\n<link rel=\"canonical\" href=\"https:\/\/reciclajesmoa.com\/ca\/la-compra-venta-de-palets-una-decision-que-contribuye-con-el-mediambiente\/\" \/>\n<meta property=\"og:locale\" content=\"ca_ES\" \/>\n<meta property=\"og:type\" content=\"article\" \/>\n<meta property=\"og:title\" content=\"La compra - venta de palets, una decisi\u00f3n que contribuye con el mediambiente\" \/>\n<meta property=\"og:description\" content=\"En los \u00faltimos a\u00f1os, la compra \u2013 venta de palets se ha convertido en una actividad m\u00e1s popular, debido a los m\u00faltiples beneficios que presenta. Ya sea para empresas o particulares, la compra \u2013 venta de palets siempre es una decisi\u00f3n inteligente. En el mundo de la log\u00edstica, los palets son un gran producto y&hellip;&nbsp;Llegiu m\u00e9s &raquo;La compra &#8211; venta de palets, una decisi\u00f3n que contribuye con el mediambiente\" \/>\n<meta property=\"og:url\" content=\"https:\/\/reciclajesmoa.com\/ca\/la-compra-venta-de-palets-una-decision-que-contribuye-con-el-mediambiente\/\" \/>\n<meta property=\"og:site_name\" content=\"Reciclajes Moa - Palets Barcelona\" \/>\n<meta property=\"article:published_time\" content=\"2021-10-22T12:56:41+00:00\" \/>\n<meta property=\"og:image\" content=\"https:\/\/reciclajesmoa.com\/wp-content\/uploads\/2021\/10\/nature-3289812_1920.jpg\" \/>\n\t<meta property=\"og:image:width\" content=\"1920\" \/>\n\t<meta property=\"og:image:height\" content=\"1280\" \/>\n\t<meta property=\"og:image:type\" content=\"image\/jpeg\" \/>\n<meta name=\"author\" content=\"Reciclajes Moa\" \/>\n<meta name=\"twitter:card\" content=\"summary_large_image\" \/>\n<meta name=\"twitter:label1\" content=\"Escrit per\" \/>\n\t<meta name=\"twitter:data1\" content=\"Reciclajes Moa\" \/>\n\t<meta name=\"twitter:label2\" content=\"Temps estimat de lectura\" \/>\n\t<meta name=\"twitter:data2\" content=\"3 minuts\" \/>\n<script type=\"application\/ld+json\" class=\"yoast-schema-graph\">{\"@context\":\"https:\/\/schema.org\",\"@graph\":[{\"@type\":\"WebPage\",\"@id\":\"https:\/\/reciclajesmoa.com\/la-compra-venta-de-palets-una-decision-que-contribuye-con-el-mediambiente\/\",\"url\":\"https:\/\/reciclajesmoa.com\/la-compra-venta-de-palets-una-decision-que-contribuye-con-el-mediambiente\/\",\"name\":\"La compra - venta de palets, una decisi\u00f3n que contribuye con el mediambiente\",\"isPartOf\":{\"@id\":\"https:\/\/reciclajesmoa.com\/#website\"},\"primaryImageOfPage\":{\"@id\":\"https:\/\/reciclajesmoa.com\/la-compra-venta-de-palets-una-decision-que-contribuye-con-el-mediambiente\/#primaryimage\"},\"image\":{\"@id\":\"https:\/\/reciclajesmoa.com\/la-compra-venta-de-palets-una-decision-que-contribuye-con-el-mediambiente\/#primaryimage\"},\"thumbnailUrl\":\"https:\/\/reciclajesmoa.com\/wp-content\/uploads\/2021\/10\/nature-3289812_1920.jpg\",\"datePublished\":\"2021-10-22T12:56:41+00:00\",\"dateModified\":\"2021-10-22T12:56:41+00:00\",\"author\":{\"@id\":\"https:\/\/reciclajesmoa.com\/#\/schema\/person\/9098c7c23ccf4b6c7876f9e107e2603d\"},\"breadcrumb\":{\"@id\":\"https:\/\/reciclajesmoa.com\/la-compra-venta-de-palets-una-decision-que-contribuye-con-el-mediambiente\/#breadcrumb\"},\"inLanguage\":\"ca\",\"potentialAction\":[{\"@type\":\"ReadAction\",\"target\":[\"https:\/\/reciclajesmoa.com\/la-compra-venta-de-palets-una-decision-que-contribuye-con-el-mediambiente\/\"]}]},{\"@type\":\"ImageObject\",\"inLanguage\":\"ca\",\"@id\":\"https:\/\/reciclajesmoa.com\/la-compra-venta-de-palets-una-decision-que-contribuye-con-el-mediambiente\/#primaryimage\",\"url\":\"https:\/\/reciclajesmoa.com\/wp-content\/uploads\/2021\/10\/nature-3289812_1920.jpg\",\"contentUrl\":\"https:\/\/reciclajesmoa.com\/wp-content\/uploads\/2021\/10\/nature-3289812_1920.jpg\",\"width\":1920,\"height\":1280,\"caption\":\"compra venta de palets\"},{\"@type\":\"BreadcrumbList\",\"@id\":\"https:\/\/reciclajesmoa.com\/la-compra-venta-de-palets-una-decision-que-contribuye-con-el-mediambiente\/#breadcrumb\",\"itemListElement\":[{\"@type\":\"ListItem\",\"position\":1,\"name\":\"Portada\",\"item\":\"https:\/\/reciclajesmoa.com\/\"},{\"@type\":\"ListItem\",\"position\":2,\"name\":\"La compra &#8211; venta de palets, una decisi\u00f3n que contribuye con el mediambiente\"}]},{\"@type\":\"WebSite\",\"@id\":\"https:\/\/reciclajesmoa.com\/#website\",\"url\":\"https:\/\/reciclajesmoa.com\/\",\"name\":\"Reciclajes Moa - Palets Barcelona\",\"description\":\"\",\"potentialAction\":[{\"@type\":\"SearchAction\",\"target\":{\"@type\":\"EntryPoint\",\"urlTemplate\":\"https:\/\/reciclajesmoa.com\/?s={search_term_string}\"},\"query-input\":\"required name=search_term_string\"}],\"inLanguage\":\"ca\"},{\"@type\":\"Person\",\"@id\":\"https:\/\/reciclajesmoa.com\/#\/schema\/person\/9098c7c23ccf4b6c7876f9e107e2603d\",\"name\":\"Reciclajes Moa\",\"image\":{\"@type\":\"ImageObject\",\"inLanguage\":\"ca\",\"@id\":\"https:\/\/reciclajesmoa.com\/#\/schema\/person\/image\/\",\"url\":\"https:\/\/secure.gravatar.com\/avatar\/375877168b4265a843135204b0b0ecca4a85280e23eb07bec1340e452a285a2d?s=96&d=mm&r=g\",\"contentUrl\":\"https:\/\/secure.gravatar.com\/avatar\/375877168b4265a843135204b0b0ecca4a85280e23eb07bec1340e452a285a2d?s=96&d=mm&r=g\",\"caption\":\"Reciclajes Moa\"},\"url\":\"https:\/\/reciclajesmoa.com\/ca\/author\/reciclajes-moa\/\"}]}<\/script>\n<!-- \/ Yoast SEO plugin. -->","yoast_head_json":{"title":"La compra - venta de palets, una decisi\u00f3n que contribuye con el mediambiente","robots":{"index":"index","follow":"follow","max-snippet":"max-snippet:-1","max-image-preview":"max-image-preview:large","max-video-preview":"max-video-preview:-1"},"canonical":"https:\/\/reciclajesmoa.com\/ca\/la-compra-venta-de-palets-una-decision-que-contribuye-con-el-mediambiente\/","og_locale":"ca_ES","og_type":"article","og_title":"La compra - venta de palets, una decisi\u00f3n que contribuye con el mediambiente","og_description":"En los \u00faltimos a\u00f1os, la compra \u2013 venta de palets se ha convertido en una actividad m\u00e1s popular, debido a los m\u00faltiples beneficios que presenta. Ya sea para empresas o particulares, la compra \u2013 venta de palets siempre es una decisi\u00f3n inteligente. En el mundo de la log\u00edstica, los palets son un gran producto y&hellip;&nbsp;Llegiu m\u00e9s &raquo;La compra &#8211; venta de palets, una decisi\u00f3n que contribuye con el mediambiente","og_url":"https:\/\/reciclajesmoa.com\/ca\/la-compra-venta-de-palets-una-decision-que-contribuye-con-el-mediambiente\/","og_site_name":"Reciclajes Moa - Palets Barcelona","article_published_time":"2021-10-22T12:56:41+00:00","og_image":[{"width":1920,"height":1280,"url":"https:\/\/reciclajesmoa.com\/wp-content\/uploads\/2021\/10\/nature-3289812_1920.jpg","type":"image\/jpeg"}],"author":"Reciclajes Moa","twitter_card":"summary_large_image","twitter_misc":{"Escrit per":"Reciclajes Moa","Temps estimat de lectura":"3 minuts"},"schema":{"@context":"https:\/\/schema.org","@graph":[{"@type":"WebPage","@id":"https:\/\/reciclajesmoa.com\/la-compra-venta-de-palets-una-decision-que-contribuye-con-el-mediambiente\/","url":"https:\/\/reciclajesmoa.com\/la-compra-venta-de-palets-una-decision-que-contribuye-con-el-mediambiente\/","name":"La compra - venta de palets, una decisi\u00f3n que contribuye con el mediambiente","isPartOf":{"@id":"https:\/\/reciclajesmoa.com\/#website"},"primaryImageOfPage":{"@id":"https:\/\/reciclajesmoa.com\/la-compra-venta-de-palets-una-decision-que-contribuye-con-el-mediambiente\/#primaryimage"},"image":{"@id":"https:\/\/reciclajesmoa.com\/la-compra-venta-de-palets-una-decision-que-contribuye-con-el-mediambiente\/#primaryimage"},"thumbnailUrl":"https:\/\/reciclajesmoa.com\/wp-content\/uploads\/2021\/10\/nature-3289812_1920.jpg","datePublished":"2021-10-22T12:56:41+00:00","dateModified":"2021-10-22T12:56:41+00:00","author":{"@id":"https:\/\/reciclajesmoa.com\/#\/schema\/person\/9098c7c23ccf4b6c7876f9e107e2603d"},"breadcrumb":{"@id":"https:\/\/reciclajesmoa.com\/la-compra-venta-de-palets-una-decision-que-contribuye-con-el-mediambiente\/#breadcrumb"},"inLanguage":"ca","potentialAction":[{"@type":"ReadAction","target":["https:\/\/reciclajesmoa.com\/la-compra-venta-de-palets-una-decision-que-contribuye-con-el-mediambiente\/"]}]},{"@type":"ImageObject","inLanguage":"ca","@id":"https:\/\/reciclajesmoa.com\/la-compra-venta-de-palets-una-decision-que-contribuye-con-el-mediambiente\/#primaryimage","url":"https:\/\/reciclajesmoa.com\/wp-content\/uploads\/2021\/10\/nature-3289812_1920.jpg","contentUrl":"https:\/\/reciclajesmoa.com\/wp-content\/uploads\/2021\/10\/nature-3289812_1920.jpg","width":1920,"height":1280,"caption":"compra venta de palets"},{"@type":"BreadcrumbList","@id":"https:\/\/reciclajesmoa.com\/la-compra-venta-de-palets-una-decision-que-contribuye-con-el-mediambiente\/#breadcrumb","itemListElement":[{"@type":"ListItem","position":1,"name":"Portada","item":"https:\/\/reciclajesmoa.com\/"},{"@type":"ListItem","position":2,"name":"La compra &#8211; venta de palets, una decisi\u00f3n que contribuye con el mediambiente"}]},{"@type":"WebSite","@id":"https:\/\/reciclajesmoa.com\/#website","url":"https:\/\/reciclajesmoa.com\/","name":"Reciclajes Moa - Palets Barcelona","description":"","potentialAction":[{"@type":"SearchAction","target":{"@type":"EntryPoint","urlTemplate":"https:\/\/reciclajesmoa.com\/?s={search_term_string}"},"query-input":"required name=search_term_string"}],"inLanguage":"ca"},{"@type":"Person","@id":"https:\/\/reciclajesmoa.com\/#\/schema\/person\/9098c7c23ccf4b6c7876f9e107e2603d","name":"Reciclajes Moa","image":{"@type":"ImageObject","inLanguage":"ca","@id":"https:\/\/reciclajesmoa.com\/#\/schema\/person\/image\/","url":"https:\/\/secure.gravatar.com\/avatar\/375877168b4265a843135204b0b0ecca4a85280e23eb07bec1340e452a285a2d?s=96&d=mm&r=g","contentUrl":"https:\/\/secure.gravatar.com\/avatar\/375877168b4265a843135204b0b0ecca4a85280e23eb07bec1340e452a285a2d?s=96&d=mm&r=g","caption":"Reciclajes Moa"},"url":"https:\/\/reciclajesmoa.com\/ca\/author\/reciclajes-moa\/"}]}},"_links":{"self":[{"href":"https:\/\/reciclajesmoa.com\/ca\/wp-json\/wp\/v2\/posts\/1182","targetHints":{"allow":["GET"]}}],"collection":[{"href":"https:\/\/reciclajesmoa.com\/ca\/wp-json\/wp\/v2\/posts"}],"about":[{"href":"https:\/\/reciclajesmoa.com\/ca\/wp-json\/wp\/v2\/types\/post"}],"author":[{"embeddable":true,"href":"https:\/\/reciclajesmoa.com\/ca\/wp-json\/wp\/v2\/users\/3"}],"replies":[{"embeddable":true,"href":"https:\/\/reciclajesmoa.com\/ca\/wp-json\/wp\/v2\/comments?post=1182"}],"version-history":[{"count":0,"href":"https:\/\/reciclajesmoa.com\/ca\/wp-json\/wp\/v2\/posts\/1182\/revisions"}],"wp:featuredmedia":[{"embeddable":true,"href":"https:\/\/reciclajesmoa.com\/ca\/wp-json\/wp\/v2\/media\/1184"}],"wp:attachment":[{"href":"https:\/\/reciclajesmoa.com\/ca\/wp-json\/wp\/v2\/media?parent=1182"}],"wp:term":[{"taxonomy":"category","embeddable":true,"href":"https:\/\/reciclajesmoa.com\/ca\/wp-json\/wp\/v2\/categories?post=1182"},{"taxonomy":"post_tag","embeddable":true,"href":"https:\/\/reciclajesmoa.com\/ca\/wp-json\/wp\/v2\/tags?post=1182"}],"curies":[{"name":"wp","href":"https:\/\/api.w.org\/{rel}","templated":true}]}}