{"id":1496,"date":"2023-01-04T08:34:55","date_gmt":"2023-01-04T08:34:55","guid":{"rendered":"https:\/\/reciclajesmoa.com\/?p=1496"},"modified":"2023-01-04T08:34:55","modified_gmt":"2023-01-04T08:34:55","slug":"palets-en-sabadell-sus-diferentes-medidas-y-usos","status":"publish","type":"post","link":"https:\/\/reciclajesmoa.com\/ca\/palets-en-sabadell-sus-diferentes-medidas-y-usos\/","title":{"rendered":"Palets a Sabadell: les diferents mides i usos"},"content":{"rendered":"<p style=\"text-align: justify\">La distribuci\u00f3 i ubicaci\u00f3 correcta de la mercaderia facilita enormement les operacions log\u00edstiques d&#039;un magatzem o centre de distribuci\u00f3. De poc o res serveix dotar una instal\u00b7laci\u00f3 del sistema d&#039;emmagatzematge industrial adequat si la disposici\u00f3 de la c\u00e0rrega dificulta el flux de treball o pot provocar danys a la pr\u00f2pia mercaderia o fins i tot provocar un accident del personal del magatzem.<\/p>\n<p style=\"text-align: justify\">El control de la unitat de c\u00e0rrega \u00e9s un dels molts factors a tenir en compte quan es tracta de seguretat als magatzems.<\/p>\n<p style=\"text-align: justify\">Aix\u00ed, la unitat de c\u00e0rrega \u00e9s una agrupaci\u00f3 homog\u00e8nia d&#039;un conjunt de productes disposats sobre un suport o plataforma que facilita la manipulaci\u00f3 i el trasllat de mercaderies i que per tant actua com una unitat log\u00edstica com a tal.<\/p>\n<p style=\"text-align: justify\">La unitat de c\u00e0rrega pot ser la pr\u00f2pia caixa d&#039;embalatge del producte, un contenidor o un palet, que com el seu nom indica \u00e9s el suport principal als sistemes de paletitzaci\u00f3 convencional.<\/p>\n<p style=\"text-align: justify\">Davant aix\u00f2, \u00e9s important con\u00e8ixer els tipus de <a href=\"https:\/\/reciclajesmoa.com\/ca\/catalogo\/\"><strong>palets a Sabadell<\/strong><\/a>, per seleccionar l&#039;adequat. Els <strong>palets a Sabadell<\/strong> s\u00f3n suports o plataformes de taules per apilar la c\u00e0rrega. S\u00f3n bastidors r\u00edgids sobre els quals es diposita la mercaderia, distribu\u00efda de forma homog\u00e8nia en al\u00e7ada i sobre la superf\u00edcie dels <strong>palets a Sabadell<\/strong>. Els <strong>palets a Sabadell<\/strong>, i en conseq\u00fc\u00e8ncia la c\u00e0rrega, es transportaran d&#039;una banda a l&#039;altra de les prestatgeries o del magatzem mitjan\u00e7ant carretons elevadors o transpaletes.<\/p>\n<h2 style=\"text-align: justify\"><img loading=\"lazy\" decoding=\"async\" class=\"aligncenter wp-image-1497 size-large\" src=\"https:\/\/reciclajesmoa.com\/wp-content\/uploads\/2023\/01\/shelves-1227093_1920-1024x830.jpg\" alt=\"\" width=\"800\" height=\"648\" srcset=\"https:\/\/reciclajesmoa.com\/wp-content\/uploads\/2023\/01\/shelves-1227093_1920-1024x830.jpg 1024w, https:\/\/reciclajesmoa.com\/wp-content\/uploads\/2023\/01\/shelves-1227093_1920-300x243.jpg 300w, https:\/\/reciclajesmoa.com\/wp-content\/uploads\/2023\/01\/shelves-1227093_1920-768x622.jpg 768w, https:\/\/reciclajesmoa.com\/wp-content\/uploads\/2023\/01\/shelves-1227093_1920-1536x1245.jpg 1536w, https:\/\/reciclajesmoa.com\/wp-content\/uploads\/2023\/01\/shelves-1227093_1920.jpg 1920w\" sizes=\"auto, (max-width: 800px) 100vw, 800px\" \/>Palets a Sabadell: diferents mides i usos<\/h2>\n<p style=\"text-align: justify\">Hi ha diferents tipus de <strong>palets a Sabadell<\/strong>, segons la mida, la composici\u00f3, etc. A continuaci\u00f3 enumerem els principals <strong>palets a Sabadell<\/strong> existents i les seues caracter\u00edstiques.<\/p>\n<p style=\"text-align: justify\"><strong>Palets a Sabadell<\/strong> segons les seves dimensions:<\/p>\n<p style=\"text-align: justify\">Europalet:<\/p>\n<p style=\"text-align: justify\">\u00c9s un suport les mides del qual s\u00f3n 1200\u00d7800 mm. Actualment \u00e9s el m\u00e9s est\u00e8s a Europa. Aquest tipus de palet est\u00e0 regulat per EPAL (European Pallet Association) i tal com indica la seva web, \u201cactualment hi ha en circulaci\u00f3 al voltant de 500 milions\u201d.<\/p>\n<p style=\"text-align: justify\">A m\u00e9s, \u00e9s un dels tipus de palets estandarditzats per ISO (Organitzaci\u00f3 Internacional de Normalitzaci\u00f3). Per aix\u00f2, la ind\u00fastria i la log\u00edstica europees utilitzen l&#039;europalet com a suport principal per facilitar el flux de mercaderies i la seva agrupaci\u00f3 en el proc\u00e9s de transport i emmagatzematge.<\/p>\n<p style=\"text-align: justify\">Les mesures de l&#039;europalet v\u00e9nen determinades per l&#039;amplada dels vagons, contenidors i remolcs, que sol ser de 2400 mm, cosa que permet col\u00b7locar-los de manera que s&#039;aprofiti al m\u00e0xim l&#039;espai de c\u00e0rrega.<\/p>\n<p style=\"text-align: justify\">Palet americ\u00e0:<\/p>\n<p style=\"text-align: justify\">Les dimensions del palet americ\u00e0 s\u00f3n 1200\u00d71000 mm i \u00e9s molt utilitzat a la log\u00edstica americana i japonesa. Tamb\u00e9 se&#039;n diu palet universal o isopallet.<\/p>\n<p style=\"text-align: justify\">Altres mesures de palets:<\/p>\n<p style=\"text-align: justify\">L&#039;organitzaci\u00f3 ISO identifica 4 mesures normalitzades m\u00e9s a m\u00e9s de les indicades per a l&#039;europalet i el palet americ\u00e0 que s\u00f3n les seg\u00fcents: 1016x1219mm, 1165x1165mm, 1067x1067mm i 1100x1100mm. Aquests tipus de tarimes es fan servir molt menys que l&#039;europaleta o la tarima americana.<\/p>","protected":false},"excerpt":{"rendered":"<p>La correcta distribuci\u00f3n y ubicaci\u00f3n de la mercanc\u00eda facilita enormemente las operaciones log\u00edsticas de un almac\u00e9n o centro de distribuci\u00f3n. De poco o nada sirve dotar a una instalaci\u00f3n del sistema de almacenaje industrial adecuado si la disposici\u00f3n de la carga dificulta el flujo de trabajo o puede provocar da\u00f1os en la propia mercanc\u00eda o&hellip;&nbsp;<a href=\"https:\/\/reciclajesmoa.com\/ca\/palets-en-sabadell-sus-diferentes-medidas-y-usos\/\" class=\"\" rel=\"bookmark\">Llegiu m\u00e9s &raquo;<span class=\"screen-reader-text\">Palets a Sabadell: les diferents mides i usos<\/span><\/a><\/p>","protected":false},"author":3,"featured_media":1498,"comment_status":"closed","ping_status":"closed","sticky":false,"template":"","format":"standard","meta":{"neve_meta_sidebar":"","neve_meta_container":"","neve_meta_enable_content_width":"","neve_meta_content_width":0,"neve_meta_title_alignment":"","neve_meta_author_avatar":"","neve_post_elements_order":"","neve_meta_disable_header":"","neve_meta_disable_footer":"","neve_meta_disable_title":"","neve_meta_reading_time":"","footnotes":""},"categories":[75,10],"tags":[145],"class_list":["post-1496","post","type-post","status-publish","format-standard","has-post-thumbnail","hentry","category-compra-palets","category-palets","tag-palets-en-sabadell"],"yoast_head":"<!-- This site is optimized with the Yoast SEO plugin v22.2 - https:\/\/yoast.com\/wordpress\/plugins\/seo\/ -->\n<title>Palets en Sabadell: sus diferentes medidas y usos<\/title>\n<meta name=\"robots\" content=\"index, follow, max-snippet:-1, max-image-preview:large, max-video-preview:-1\" \/>\n<link rel=\"canonical\" href=\"https:\/\/reciclajesmoa.com\/ca\/palets-en-sabadell-sus-diferentes-medidas-y-usos\/\" \/>\n<meta property=\"og:locale\" content=\"ca_ES\" \/>\n<meta property=\"og:type\" content=\"article\" \/>\n<meta property=\"og:title\" content=\"Palets en Sabadell: sus diferentes medidas y usos\" \/>\n<meta property=\"og:description\" content=\"La correcta distribuci\u00f3n y ubicaci\u00f3n de la mercanc\u00eda facilita enormemente las operaciones log\u00edsticas de un almac\u00e9n o centro de distribuci\u00f3n. De poco o nada sirve dotar a una instalaci\u00f3n del sistema de almacenaje industrial adecuado si la disposici\u00f3n de la carga dificulta el flujo de trabajo o puede provocar da\u00f1os en la propia mercanc\u00eda o&hellip;&nbsp;Llegiu m\u00e9s &raquo;Palets en Sabadell: sus diferentes medidas y usos\" \/>\n<meta property=\"og:url\" content=\"https:\/\/reciclajesmoa.com\/ca\/palets-en-sabadell-sus-diferentes-medidas-y-usos\/\" \/>\n<meta property=\"og:site_name\" content=\"Reciclajes Moa - Palets Barcelona\" \/>\n<meta property=\"article:published_time\" content=\"2023-01-04T08:34:55+00:00\" \/>\n<meta property=\"og:image\" content=\"https:\/\/reciclajesmoa.com\/wp-content\/uploads\/2023\/01\/metal-228034_1920.jpg\" \/>\n\t<meta property=\"og:image:width\" content=\"1920\" \/>\n\t<meta property=\"og:image:height\" content=\"1280\" \/>\n\t<meta property=\"og:image:type\" content=\"image\/jpeg\" \/>\n<meta name=\"author\" content=\"Reciclajes Moa\" \/>\n<meta name=\"twitter:card\" content=\"summary_large_image\" \/>\n<meta name=\"twitter:label1\" content=\"Escrit per\" \/>\n\t<meta name=\"twitter:data1\" content=\"Reciclajes Moa\" \/>\n\t<meta name=\"twitter:label2\" content=\"Temps estimat de lectura\" \/>\n\t<meta name=\"twitter:data2\" content=\"3 minuts\" \/>\n<script type=\"application\/ld+json\" class=\"yoast-schema-graph\">{\"@context\":\"https:\/\/schema.org\",\"@graph\":[{\"@type\":\"WebPage\",\"@id\":\"https:\/\/reciclajesmoa.com\/palets-en-sabadell-sus-diferentes-medidas-y-usos\/\",\"url\":\"https:\/\/reciclajesmoa.com\/palets-en-sabadell-sus-diferentes-medidas-y-usos\/\",\"name\":\"Palets en Sabadell: sus diferentes medidas y usos\",\"isPartOf\":{\"@id\":\"https:\/\/reciclajesmoa.com\/#website\"},\"primaryImageOfPage\":{\"@id\":\"https:\/\/reciclajesmoa.com\/palets-en-sabadell-sus-diferentes-medidas-y-usos\/#primaryimage\"},\"image\":{\"@id\":\"https:\/\/reciclajesmoa.com\/palets-en-sabadell-sus-diferentes-medidas-y-usos\/#primaryimage\"},\"thumbnailUrl\":\"https:\/\/reciclajesmoa.com\/wp-content\/uploads\/2023\/01\/metal-228034_1920.jpg\",\"datePublished\":\"2023-01-04T08:34:55+00:00\",\"dateModified\":\"2023-01-04T08:34:55+00:00\",\"author\":{\"@id\":\"https:\/\/reciclajesmoa.com\/#\/schema\/person\/9098c7c23ccf4b6c7876f9e107e2603d\"},\"breadcrumb\":{\"@id\":\"https:\/\/reciclajesmoa.com\/palets-en-sabadell-sus-diferentes-medidas-y-usos\/#breadcrumb\"},\"inLanguage\":\"ca\",\"potentialAction\":[{\"@type\":\"ReadAction\",\"target\":[\"https:\/\/reciclajesmoa.com\/palets-en-sabadell-sus-diferentes-medidas-y-usos\/\"]}]},{\"@type\":\"ImageObject\",\"inLanguage\":\"ca\",\"@id\":\"https:\/\/reciclajesmoa.com\/palets-en-sabadell-sus-diferentes-medidas-y-usos\/#primaryimage\",\"url\":\"https:\/\/reciclajesmoa.com\/wp-content\/uploads\/2023\/01\/metal-228034_1920.jpg\",\"contentUrl\":\"https:\/\/reciclajesmoa.com\/wp-content\/uploads\/2023\/01\/metal-228034_1920.jpg\",\"width\":1920,\"height\":1280,\"caption\":\"palets en Sabadell\"},{\"@type\":\"BreadcrumbList\",\"@id\":\"https:\/\/reciclajesmoa.com\/palets-en-sabadell-sus-diferentes-medidas-y-usos\/#breadcrumb\",\"itemListElement\":[{\"@type\":\"ListItem\",\"position\":1,\"name\":\"Portada\",\"item\":\"https:\/\/reciclajesmoa.com\/\"},{\"@type\":\"ListItem\",\"position\":2,\"name\":\"Palets en Sabadell: sus diferentes medidas y usos\"}]},{\"@type\":\"WebSite\",\"@id\":\"https:\/\/reciclajesmoa.com\/#website\",\"url\":\"https:\/\/reciclajesmoa.com\/\",\"name\":\"Reciclajes Moa - Palets Barcelona\",\"description\":\"\",\"potentialAction\":[{\"@type\":\"SearchAction\",\"target\":{\"@type\":\"EntryPoint\",\"urlTemplate\":\"https:\/\/reciclajesmoa.com\/?s={search_term_string}\"},\"query-input\":\"required name=search_term_string\"}],\"inLanguage\":\"ca\"},{\"@type\":\"Person\",\"@id\":\"https:\/\/reciclajesmoa.com\/#\/schema\/person\/9098c7c23ccf4b6c7876f9e107e2603d\",\"name\":\"Reciclajes Moa\",\"image\":{\"@type\":\"ImageObject\",\"inLanguage\":\"ca\",\"@id\":\"https:\/\/reciclajesmoa.com\/#\/schema\/person\/image\/\",\"url\":\"https:\/\/secure.gravatar.com\/avatar\/375877168b4265a843135204b0b0ecca4a85280e23eb07bec1340e452a285a2d?s=96&d=mm&r=g\",\"contentUrl\":\"https:\/\/secure.gravatar.com\/avatar\/375877168b4265a843135204b0b0ecca4a85280e23eb07bec1340e452a285a2d?s=96&d=mm&r=g\",\"caption\":\"Reciclajes Moa\"},\"url\":\"https:\/\/reciclajesmoa.com\/ca\/author\/reciclajes-moa\/\"}]}<\/script>\n<!-- \/ Yoast SEO plugin. -->","yoast_head_json":{"title":"Palets en Sabadell: sus diferentes medidas y usos","robots":{"index":"index","follow":"follow","max-snippet":"max-snippet:-1","max-image-preview":"max-image-preview:large","max-video-preview":"max-video-preview:-1"},"canonical":"https:\/\/reciclajesmoa.com\/ca\/palets-en-sabadell-sus-diferentes-medidas-y-usos\/","og_locale":"ca_ES","og_type":"article","og_title":"Palets en Sabadell: sus diferentes medidas y usos","og_description":"La correcta distribuci\u00f3n y ubicaci\u00f3n de la mercanc\u00eda facilita enormemente las operaciones log\u00edsticas de un almac\u00e9n o centro de distribuci\u00f3n. De poco o nada sirve dotar a una instalaci\u00f3n del sistema de almacenaje industrial adecuado si la disposici\u00f3n de la carga dificulta el flujo de trabajo o puede provocar da\u00f1os en la propia mercanc\u00eda o&hellip;&nbsp;Llegiu m\u00e9s &raquo;Palets en Sabadell: sus diferentes medidas y usos","og_url":"https:\/\/reciclajesmoa.com\/ca\/palets-en-sabadell-sus-diferentes-medidas-y-usos\/","og_site_name":"Reciclajes Moa - Palets Barcelona","article_published_time":"2023-01-04T08:34:55+00:00","og_image":[{"width":1920,"height":1280,"url":"https:\/\/reciclajesmoa.com\/wp-content\/uploads\/2023\/01\/metal-228034_1920.jpg","type":"image\/jpeg"}],"author":"Reciclajes Moa","twitter_card":"summary_large_image","twitter_misc":{"Escrit per":"Reciclajes Moa","Temps estimat de lectura":"3 minuts"},"schema":{"@context":"https:\/\/schema.org","@graph":[{"@type":"WebPage","@id":"https:\/\/reciclajesmoa.com\/palets-en-sabadell-sus-diferentes-medidas-y-usos\/","url":"https:\/\/reciclajesmoa.com\/palets-en-sabadell-sus-diferentes-medidas-y-usos\/","name":"Palets en Sabadell: sus diferentes medidas y usos","isPartOf":{"@id":"https:\/\/reciclajesmoa.com\/#website"},"primaryImageOfPage":{"@id":"https:\/\/reciclajesmoa.com\/palets-en-sabadell-sus-diferentes-medidas-y-usos\/#primaryimage"},"image":{"@id":"https:\/\/reciclajesmoa.com\/palets-en-sabadell-sus-diferentes-medidas-y-usos\/#primaryimage"},"thumbnailUrl":"https:\/\/reciclajesmoa.com\/wp-content\/uploads\/2023\/01\/metal-228034_1920.jpg","datePublished":"2023-01-04T08:34:55+00:00","dateModified":"2023-01-04T08:34:55+00:00","author":{"@id":"https:\/\/reciclajesmoa.com\/#\/schema\/person\/9098c7c23ccf4b6c7876f9e107e2603d"},"breadcrumb":{"@id":"https:\/\/reciclajesmoa.com\/palets-en-sabadell-sus-diferentes-medidas-y-usos\/#breadcrumb"},"inLanguage":"ca","potentialAction":[{"@type":"ReadAction","target":["https:\/\/reciclajesmoa.com\/palets-en-sabadell-sus-diferentes-medidas-y-usos\/"]}]},{"@type":"ImageObject","inLanguage":"ca","@id":"https:\/\/reciclajesmoa.com\/palets-en-sabadell-sus-diferentes-medidas-y-usos\/#primaryimage","url":"https:\/\/reciclajesmoa.com\/wp-content\/uploads\/2023\/01\/metal-228034_1920.jpg","contentUrl":"https:\/\/reciclajesmoa.com\/wp-content\/uploads\/2023\/01\/metal-228034_1920.jpg","width":1920,"height":1280,"caption":"palets en Sabadell"},{"@type":"BreadcrumbList","@id":"https:\/\/reciclajesmoa.com\/palets-en-sabadell-sus-diferentes-medidas-y-usos\/#breadcrumb","itemListElement":[{"@type":"ListItem","position":1,"name":"Portada","item":"https:\/\/reciclajesmoa.com\/"},{"@type":"ListItem","position":2,"name":"Palets en Sabadell: sus diferentes medidas y usos"}]},{"@type":"WebSite","@id":"https:\/\/reciclajesmoa.com\/#website","url":"https:\/\/reciclajesmoa.com\/","name":"Reciclajes Moa - Palets Barcelona","description":"","potentialAction":[{"@type":"SearchAction","target":{"@type":"EntryPoint","urlTemplate":"https:\/\/reciclajesmoa.com\/?s={search_term_string}"},"query-input":"required name=search_term_string"}],"inLanguage":"ca"},{"@type":"Person","@id":"https:\/\/reciclajesmoa.com\/#\/schema\/person\/9098c7c23ccf4b6c7876f9e107e2603d","name":"Reciclajes Moa","image":{"@type":"ImageObject","inLanguage":"ca","@id":"https:\/\/reciclajesmoa.com\/#\/schema\/person\/image\/","url":"https:\/\/secure.gravatar.com\/avatar\/375877168b4265a843135204b0b0ecca4a85280e23eb07bec1340e452a285a2d?s=96&d=mm&r=g","contentUrl":"https:\/\/secure.gravatar.com\/avatar\/375877168b4265a843135204b0b0ecca4a85280e23eb07bec1340e452a285a2d?s=96&d=mm&r=g","caption":"Reciclajes Moa"},"url":"https:\/\/reciclajesmoa.com\/ca\/author\/reciclajes-moa\/"}]}},"_links":{"self":[{"href":"https:\/\/reciclajesmoa.com\/ca\/wp-json\/wp\/v2\/posts\/1496","targetHints":{"allow":["GET"]}}],"collection":[{"href":"https:\/\/reciclajesmoa.com\/ca\/wp-json\/wp\/v2\/posts"}],"about":[{"href":"https:\/\/reciclajesmoa.com\/ca\/wp-json\/wp\/v2\/types\/post"}],"author":[{"embeddable":true,"href":"https:\/\/reciclajesmoa.com\/ca\/wp-json\/wp\/v2\/users\/3"}],"replies":[{"embeddable":true,"href":"https:\/\/reciclajesmoa.com\/ca\/wp-json\/wp\/v2\/comments?post=1496"}],"version-history":[{"count":0,"href":"https:\/\/reciclajesmoa.com\/ca\/wp-json\/wp\/v2\/posts\/1496\/revisions"}],"wp:featuredmedia":[{"embeddable":true,"href":"https:\/\/reciclajesmoa.com\/ca\/wp-json\/wp\/v2\/media\/1498"}],"wp:attachment":[{"href":"https:\/\/reciclajesmoa.com\/ca\/wp-json\/wp\/v2\/media?parent=1496"}],"wp:term":[{"taxonomy":"category","embeddable":true,"href":"https:\/\/reciclajesmoa.com\/ca\/wp-json\/wp\/v2\/categories?post=1496"},{"taxonomy":"post_tag","embeddable":true,"href":"https:\/\/reciclajesmoa.com\/ca\/wp-json\/wp\/v2\/tags?post=1496"}],"curies":[{"name":"wp","href":"https:\/\/api.w.org\/{rel}","templated":true}]}}